{"id":3672,"date":"2020-04-01T18:32:00","date_gmt":"2020-04-01T16:32:00","guid":{"rendered":"https:\/\/retoeugster.ch\/blog\/?p=3672"},"modified":"2021-10-13T13:38:54","modified_gmt":"2021-10-13T11:38:54","slug":"woche-14","status":"publish","type":"post","link":"https:\/\/retoeugster.ch\/blog\/woche-14\/","title":{"rendered":"Woche 14"},"content":{"rendered":"\n<p>&#8222;<strong>Habe fertig&#8220;: <\/strong>Ein halbes Jahr lang habe ich interimistisch das Weiterbildungszentrum der FHS St. Gallen nochmals (wie 2013 bis 2018) geleitet. In dieser Woche schliesse ich dieses Kapitel, meine &#8222;Sondermission&#8220;, ab. Nun freue ich mich darauf, mich weiterhin und ausschliesslich in der Lehre zu engagieren. Neu \u00fcbernimmt Melanie Gralak die Leitung. Ihr und dem neuen F\u00fchrungsteam w\u00fcnsche ich alles Gute.<br><br>Aufgrund der Corona-Welle musste der Konvent mit dem Verabschiedungs-Ap\u00e9ro abgesagt werden. Liebe Kolleginnen und Kollegen, auf diesem unpr\u00e4tenti\u00f6sen Weg proste ich euch zu: <em>Bleibt fr\u00f6hlich<\/em>.<\/p>\n","protected":false},"excerpt":{"rendered":"<p>&#8222;Habe fertig&#8220;: Ein halbes Jahr lang habe ich interimistisch das Weiterbildungszentrum der FHS St. Gallen nochmals (wie 2013 bis 2018) geleitet. In dieser Woche schliesse ich dieses Kapitel, meine &#8222;Sondermission&#8220;, ab. Nun freue ich mich darauf, mich weiterhin und ausschliesslich in der Lehre zu engagieren. Neu \u00fcbernimmt Melanie Gralak die Leitung. Ihr und dem neuen &hellip; <a href=\"https:\/\/retoeugster.ch\/blog\/woche-14\/\" class=\"more-link\"><span class=\"screen-reader-text\">Woche 14<\/span> weiterlesen<\/a><\/p>\n","protected":false},"author":1,"featured_media":0,"comment_status":"closed","ping_status":"closed","sticky":false,"template":"","format":"standard","meta":{"footnotes":""},"categories":[142],"tags":[128,110],"class_list":["post-3672","post","type-post","status-publish","format-standard","hentry","category-events","tag-personalie","tag-woche"],"_links":{"self":[{"href":"https:\/\/retoeugster.ch\/blog\/wp-json\/wp\/v2\/posts\/3672","targetHints":{"allow":["GET"]}}],"collection":[{"href":"https:\/\/retoeugster.ch\/blog\/wp-json\/wp\/v2\/posts"}],"about":[{"href":"https:\/\/retoeugster.ch\/blog\/wp-json\/wp\/v2\/types\/post"}],"author":[{"embeddable":true,"href":"https:\/\/retoeugster.ch\/blog\/wp-json\/wp\/v2\/users\/1"}],"replies":[{"embeddable":true,"href":"https:\/\/retoeugster.ch\/blog\/wp-json\/wp\/v2\/comments?post=3672"}],"version-history":[{"count":0,"href":"https:\/\/retoeugster.ch\/blog\/wp-json\/wp\/v2\/posts\/3672\/revisions"}],"wp:attachment":[{"href":"https:\/\/retoeugster.ch\/blog\/wp-json\/wp\/v2\/media?parent=3672"}],"wp:term":[{"taxonomy":"category","embeddable":true,"href":"https:\/\/retoeugster.ch\/blog\/wp-json\/wp\/v2\/categories?post=3672"},{"taxonomy":"post_tag","embeddable":true,"href":"https:\/\/retoeugster.ch\/blog\/wp-json\/wp\/v2\/tags?post=3672"}],"curies":[{"name":"wp","href":"https:\/\/api.w.org\/{rel}","templated":true}]}}